{"id":998,"date":"2019-09-06T15:40:03","date_gmt":"2019-09-06T13:40:03","guid":{"rendered":"https:\/\/johannestwielemeier.de\/?p=998"},"modified":"2019-09-06T16:56:01","modified_gmt":"2019-09-06T14:56:01","slug":"grabstele-fuer-ursula-witte","status":"publish","type":"post","link":"https:\/\/johannestwielemeier.de\/?p=998","title":{"rendered":"Grabstele f\u00fcr Ursula Witte"},"content":{"rendered":"<section class=\"wpb-content-wrapper\"><p>[vc_row css=&#8220;.vc_custom_1438343814031{background-color: #edece4 !important;}&#8220;][vc_column width=&#8220;1\/3&#8243; css=&#8220;.vc_custom_1567719521068{margin-top: 0px !important;margin-right: 0px !important;margin-bottom: 0px !important;margin-left: 0px !important;border-top-width: 0px !important;border-right-width: 0px !important;border-bottom-width: 0px !important;border-left-width: 0px !important;padding-top: 0px !important;padding-right: 0px !important;padding-bottom: 0px !important;padding-left: 0px !important;}&#8220;][vc_single_image image=&#8220;999&#8243; img_size=&#8220;full&#8220; el_class=&#8220;imagefull&#8220; css=&#8220;.vc_custom_1567719512534{margin-top: 0px !important;margin-right: 0px !important;margin-bottom: 0px !important;margin-left: 0px !important;border-top-width: 0px !important;border-right-width: 0px !important;border-bottom-width: 0px !important;border-left-width: 0px !important;padding-top: 0px !important;padding-right: 0px !important;padding-bottom: 0px !important;padding-left: 0px !important;}&#8220;][\/vc_column][vc_column width=&#8220;2\/3&#8243;][vc_column_text el_class=&#8220;textblock&#8220; css=&#8220;.vc_custom_1567781760205{padding-top: 20px !important;padding-right: 20px !important;}&#8220;]<\/p>\n<h5>Grabmale Stelen<\/h5>\n<h1>Grabstele f\u00fcr Ursula Witte<\/h1>\n<h4>Jura Kalkstein, 145 cm | 40 cm | 20 cm<\/h4>\n<p>Die gro\u00dfe Leidenschaft des Tanzens ist das Hauptthema dieses Grabmals, zum einen im eingravierten Lebensmotto der Verstorbenen und durch die Darstellung einer T\u00e4nzerin als zart ausgearbeitetes Relief. In den Text hinein gestreut sind mehrere Bl\u00fcten, ebenfalls als flache Reliefs aus dem Stein heraus gearbeitet und erinnern an die Liebe zu Ihrem Garten, die drei Bl\u00fcten nebeneinander stehen f\u00fcr die drei T\u00f6chter der Familie. Die Vorderseite des Denkmals ist leicht gew\u00f6lbt und alle Seiten sind mit dem Stockhammer \u00fcberarbeitet. Die Inschrift ist in Kapitalis-Buchstaben vertieft eingehauen.<\/p>\n<h6>Ausgezeichnet mit einer Silbermedaille im Gestaltungswettbewerb Grabzeichen.<\/h6>\n<p>[\/vc_column_text][\/vc_column][\/vc_row]<\/p>\n<\/section>","protected":false},"excerpt":{"rendered":"<p>[vc_row css=&#8220;.vc_custom_1438343814031{background-color: #edece4 !important;}&#8220;][vc_column width=&#8220;1\/3&#8243; css=&#8220;.vc_custom_1567719521068{margin-top: 0px !important;margin-right: 0px !important;margin-bottom: 0px !important;margin-left: 0px !important;border-top-width: 0px !important;border-right-width:&hellip;<\/p>\n","protected":false},"author":1,"featured_media":999,"comment_status":"closed","ping_status":"open","sticky":false,"template":"","format":"standard","meta":[],"categories":[4],"tags":[],"_links":{"self":[{"href":"https:\/\/johannestwielemeier.de\/index.php?rest_route=\/wp\/v2\/posts\/998"}],"collection":[{"href":"https:\/\/johannestwielemeier.de\/index.php?rest_route=\/wp\/v2\/posts"}],"about":[{"href":"https:\/\/johannestwielemeier.de\/index.php?rest_route=\/wp\/v2\/types\/post"}],"author":[{"embeddable":true,"href":"https:\/\/johannestwielemeier.de\/index.php?rest_route=\/wp\/v2\/users\/1"}],"replies":[{"embeddable":true,"href":"https:\/\/johannestwielemeier.de\/index.php?rest_route=%2Fwp%2Fv2%2Fcomments&post=998"}],"version-history":[{"count":4,"href":"https:\/\/johannestwielemeier.de\/index.php?rest_route=\/wp\/v2\/posts\/998\/revisions"}],"predecessor-version":[{"id":1074,"href":"https:\/\/johannestwielemeier.de\/index.php?rest_route=\/wp\/v2\/posts\/998\/revisions\/1074"}],"wp:featuredmedia":[{"embeddable":true,"href":"https:\/\/johannestwielemeier.de\/index.php?rest_route=\/wp\/v2\/media\/999"}],"wp:attachment":[{"href":"https:\/\/johannestwielemeier.de\/index.php?rest_route=%2Fwp%2Fv2%2Fmedia&parent=998"}],"wp:term":[{"taxonomy":"category","embeddable":true,"href":"https:\/\/johannestwielemeier.de\/index.php?rest_route=%2Fwp%2Fv2%2Fcategories&post=998"},{"taxonomy":"post_tag","embeddable":true,"href":"https:\/\/johannestwielemeier.de\/index.php?rest_route=%2Fwp%2Fv2%2Ftags&post=998"}],"curies":[{"name":"wp","href":"https:\/\/api.w.org\/{rel}","templated":true}]}}