{"id":81,"date":"2015-08-01T22:57:13","date_gmt":"2015-08-01T20:57:13","guid":{"rendered":"https:\/\/johannestwielemeier.de\/jtneu\/?p=81"},"modified":"2019-02-12T22:30:51","modified_gmt":"2019-02-12T21:30:51","slug":"grabmal-fuer-familie-seitz","status":"publish","type":"post","link":"https:\/\/johannestwielemeier.de\/?p=81","title":{"rendered":"Grabmal f\u00fcr Familie Seitz"},"content":{"rendered":"<section class=\"wpb-content-wrapper\"><p>[vc_row css=&#8220;.vc_custom_1438343814031{background-color: #edece4 !important;}&#8220;][vc_column width=&#8220;1\/3&#8243; css=&#8220;.vc_custom_1550007050308{margin-top: 0px !important;margin-right: 0px !important;margin-bottom: 0px !important;margin-left: 0px !important;border-top-width: 0px !important;border-right-width: 0px !important;border-bottom-width: 0px !important;border-left-width: 0px !important;padding-top: 0px !important;padding-right: 0px !important;padding-bottom: 0px !important;padding-left: 0px !important;}&#8220;][vc_single_image image=&#8220;567&#8243; img_size=&#8220;full&#8220; el_class=&#8220;imagefull&#8220;][\/vc_column][vc_column width=&#8220;2\/3&#8243;][vc_column_text el_class=&#8220;textblock&#8220; css=&#8220;.vc_custom_1438462623017{padding-top: 20px !important;padding-right: 20px !important;}&#8220;]<\/p>\n<h5>Grabmale Stelen<\/h5>\n<h1>Grabmal f\u00fcr Familie Seitz<\/h1>\n<h4>Jura Kalkstein, 150 cm | 48 cm | 20 cm<\/h4>\n<p>Angelehnt an klassische r\u00f6mische Grabstelen entstand diese Stele mit einem Kreuzmotiv f\u00fcr ein Familiengrab. Da die Lage der Grabst\u00e4tte \u00fcberwiegend Sonne von der R\u00fcckseite bekommt, wurde das Kreuz als Durchbruch ausgef\u00fchrt. Die mehrteilige Konstruktion des Grabmals nimmt Bezug auf das Thema Familie, in der mehrere Personen immer ein gemeinsames Ganzes ergeben. Die Proportionen der Stele und des Kreuzes sind im Goldenen Schnitt ausgef\u00fchrt. Die Oberfl\u00e4chen sind fein geriffelt, von unten nach oben feiner werdend geschliffen, was zu dem Farbverlauf von hell nach dunkel f\u00fchrt. Die Fl\u00e4chen im Bereich des Kreuzes wurden grob bossiert und die Schrift in Kapitalis-Buchstaben eingehauen. Die Inschrift im Giebel hei\u00dft \u00fcbersetzt \u201edas ewige Haus\u201c und ist ein Begriff aus der R\u00f6merzeit f\u00fcr das Grab.<\/p>\n<h6>Ausgezeichnet mit einer Silbermedaille im Gestaltungswettbewerb Grabzeichen.<\/h6>\n<p>[\/vc_column_text][\/vc_column][\/vc_row]<\/p>\n<\/section>","protected":false},"excerpt":{"rendered":"<p>[vc_row css=&#8220;.vc_custom_1438343814031{background-color: #edece4 !important;}&#8220;][vc_column width=&#8220;1\/3&#8243; css=&#8220;.vc_custom_1550007050308{margin-top: 0px !important;margin-right: 0px !important;margin-bottom: 0px !important;margin-left: 0px !important;border-top-width: 0px !important;border-right-width:&hellip;<\/p>\n","protected":false},"author":1,"featured_media":730,"comment_status":"closed","ping_status":"open","sticky":false,"template":"","format":"standard","meta":[],"categories":[4],"tags":[],"_links":{"self":[{"href":"https:\/\/johannestwielemeier.de\/index.php?rest_route=\/wp\/v2\/posts\/81"}],"collection":[{"href":"https:\/\/johannestwielemeier.de\/index.php?rest_route=\/wp\/v2\/posts"}],"about":[{"href":"https:\/\/johannestwielemeier.de\/index.php?rest_route=\/wp\/v2\/types\/post"}],"author":[{"embeddable":true,"href":"https:\/\/johannestwielemeier.de\/index.php?rest_route=\/wp\/v2\/users\/1"}],"replies":[{"embeddable":true,"href":"https:\/\/johannestwielemeier.de\/index.php?rest_route=%2Fwp%2Fv2%2Fcomments&post=81"}],"version-history":[{"count":3,"href":"https:\/\/johannestwielemeier.de\/index.php?rest_route=\/wp\/v2\/posts\/81\/revisions"}],"predecessor-version":[{"id":876,"href":"https:\/\/johannestwielemeier.de\/index.php?rest_route=\/wp\/v2\/posts\/81\/revisions\/876"}],"wp:featuredmedia":[{"embeddable":true,"href":"https:\/\/johannestwielemeier.de\/index.php?rest_route=\/wp\/v2\/media\/730"}],"wp:attachment":[{"href":"https:\/\/johannestwielemeier.de\/index.php?rest_route=%2Fwp%2Fv2%2Fmedia&parent=81"}],"wp:term":[{"taxonomy":"category","embeddable":true,"href":"https:\/\/johannestwielemeier.de\/index.php?rest_route=%2Fwp%2Fv2%2Fcategories&post=81"},{"taxonomy":"post_tag","embeddable":true,"href":"https:\/\/johannestwielemeier.de\/index.php?rest_route=%2Fwp%2Fv2%2Ftags&post=81"}],"curies":[{"name":"wp","href":"https:\/\/api.w.org\/{rel}","templated":true}]}}