{"id":77,"date":"2015-08-01T22:53:53","date_gmt":"2015-08-01T20:53:53","guid":{"rendered":"https:\/\/johannestwielemeier.de\/jtneu\/?p=77"},"modified":"2019-02-12T22:33:42","modified_gmt":"2019-02-12T21:33:42","slug":"grabmal-fuer-klara-foerster","status":"publish","type":"post","link":"https:\/\/johannestwielemeier.de\/?p=77","title":{"rendered":"Grabmal f\u00fcr Klara Foerster"},"content":{"rendered":"<section class=\"wpb-content-wrapper\"><p>[vc_row css=&#8220;.vc_custom_1438343814031{background-color: #edece4 !important;}&#8220;][vc_column width=&#8220;1\/3&#8243; css=&#8220;.vc_custom_1550007221415{margin-top: 0px !important;margin-right: 0px !important;margin-bottom: 0px !important;margin-left: 0px !important;border-top-width: 0px !important;border-right-width: 0px !important;border-bottom-width: 0px !important;border-left-width: 0px !important;padding-top: 0px !important;padding-right: 0px !important;padding-bottom: 0px !important;padding-left: 0px !important;}&#8220;][vc_single_image image=&#8220;571&#8243; img_size=&#8220;full&#8220; el_class=&#8220;imagefull&#8220;][\/vc_column][vc_column width=&#8220;2\/3&#8243;][vc_column_text el_class=&#8220;textblock&#8220; css=&#8220;.vc_custom_1438462426284{padding-top: 20px !important;padding-right: 20px !important;}&#8220;]<\/p>\n<h5>Grabmale Stelen<\/h5>\n<h1>Grabmal f\u00fcr Klara Foerster<\/h1>\n<h4>Jura Kalkstein, 95 cm | 34 cm | 16 cm<\/h4>\n<p>In den ersten Gespr\u00e4chen mit den Angeh\u00f6rigen erz\u00e4hlten die Kinder von der Garten und Blumenleidenschaft der verstorbenen Mutter. Schliesslich wurden ihre beiden Lieblingsblumen, Cosmeen und Pompondahlien, als Motiv f\u00fcr das Relief im Stein ausgew\u00e4hlt. Die Au\u00dfenform der Stele nimmt durch den Halbkreis am Kopfende die Formensprache der Blumen wieder auf. Die Bearbeitung ist fein gestockt, im Bereich der Schrift von Hand \u00fcberschliffen. Die Kapitalis-Buchstaben sind vertieft eingehauen.[\/vc_column_text][\/vc_column][\/vc_row]<\/p>\n<\/section>","protected":false},"excerpt":{"rendered":"<p>[vc_row css=&#8220;.vc_custom_1438343814031{background-color: #edece4 !important;}&#8220;][vc_column width=&#8220;1\/3&#8243; css=&#8220;.vc_custom_1550007221415{margin-top: 0px !important;margin-right: 0px !important;margin-bottom: 0px !important;margin-left: 0px !important;border-top-width: 0px !important;border-right-width:&hellip;<\/p>\n","protected":false},"author":1,"featured_media":712,"comment_status":"closed","ping_status":"open","sticky":false,"template":"","format":"standard","meta":[],"categories":[4],"tags":[],"_links":{"self":[{"href":"https:\/\/johannestwielemeier.de\/index.php?rest_route=\/wp\/v2\/posts\/77"}],"collection":[{"href":"https:\/\/johannestwielemeier.de\/index.php?rest_route=\/wp\/v2\/posts"}],"about":[{"href":"https:\/\/johannestwielemeier.de\/index.php?rest_route=\/wp\/v2\/types\/post"}],"author":[{"embeddable":true,"href":"https:\/\/johannestwielemeier.de\/index.php?rest_route=\/wp\/v2\/users\/1"}],"replies":[{"embeddable":true,"href":"https:\/\/johannestwielemeier.de\/index.php?rest_route=%2Fwp%2Fv2%2Fcomments&post=77"}],"version-history":[{"count":5,"href":"https:\/\/johannestwielemeier.de\/index.php?rest_route=\/wp\/v2\/posts\/77\/revisions"}],"predecessor-version":[{"id":880,"href":"https:\/\/johannestwielemeier.de\/index.php?rest_route=\/wp\/v2\/posts\/77\/revisions\/880"}],"wp:featuredmedia":[{"embeddable":true,"href":"https:\/\/johannestwielemeier.de\/index.php?rest_route=\/wp\/v2\/media\/712"}],"wp:attachment":[{"href":"https:\/\/johannestwielemeier.de\/index.php?rest_route=%2Fwp%2Fv2%2Fmedia&parent=77"}],"wp:term":[{"taxonomy":"category","embeddable":true,"href":"https:\/\/johannestwielemeier.de\/index.php?rest_route=%2Fwp%2Fv2%2Fcategories&post=77"},{"taxonomy":"post_tag","embeddable":true,"href":"https:\/\/johannestwielemeier.de\/index.php?rest_route=%2Fwp%2Fv2%2Ftags&post=77"}],"curies":[{"name":"wp","href":"https:\/\/api.w.org\/{rel}","templated":true}]}}