{"id":63,"date":"2015-07-31T23:53:42","date_gmt":"2015-07-31T21:53:42","guid":{"rendered":"https:\/\/johannestwielemeier.de\/jtneu\/?p=63"},"modified":"2019-02-12T22:38:13","modified_gmt":"2019-02-12T21:38:13","slug":"grabmal-fuer-saskia-handels","status":"publish","type":"post","link":"https:\/\/johannestwielemeier.de\/?p=63","title":{"rendered":"Grabmal f\u00fcr Saskia Handels"},"content":{"rendered":"<section class=\"wpb-content-wrapper\"><p>[vc_row css=&#8220;.vc_custom_1438343814031{background-color: #edece4 !important;}&#8220;][vc_column width=&#8220;1\/3&#8243; css=&#8220;.vc_custom_1550007492357{margin-top: 0px !important;margin-right: 0px !important;margin-bottom: 0px !important;margin-left: 0px !important;border-top-width: 0px !important;border-right-width: 0px !important;border-bottom-width: 0px !important;border-left-width: 0px !important;padding-top: 0px !important;padding-right: 0px !important;padding-bottom: 0px !important;padding-left: 0px !important;}&#8220;][vc_single_image image=&#8220;612&#8243; img_size=&#8220;full&#8220; el_class=&#8220;imagefull&#8220;][\/vc_column][vc_column width=&#8220;2\/3&#8243;][vc_column_text el_class=&#8220;textblock&#8220; css=&#8220;.vc_custom_1438379618245{padding-top: 20px !important;padding-right: 20px !important;}&#8220;]<\/p>\n<h5>Grabmale Stelen<\/h5>\n<h1>Grabmal f\u00fcr Saskia Handels<\/h1>\n<h4>Irischer Kalkstein, 95 cm | 38 cm | 16 cm<\/h4>\n<p>Grabstele f\u00fcr ein junges M\u00e4dchen mit stark gew\u00f6lbter Vorder und R\u00fcckseite. Die plastisch leicht erhabenen Reliefs zeigen Ihre Lieblingsblumen, in das Zentrum der beiden gro\u00dfen Bl\u00fcten wurde das Geburts- und das Sterbedatum eingehauen. Die Bearbeitung wird von unten nach oben immer feiner, im fein geschliffenen oberen Bereich wurde der Name plaziert. Die leicht nach innen gew\u00f6lbte Kopffl\u00e4che l\u00e4sst vielleicht an einen l\u00e4chelnden Mund denken und folgt, wie die gesamte Gestaltung dem offenen, fr\u00f6hlichen Charakter des verstorbenen M\u00e4dchens.<\/p>\n<h6>Ausgezeichnet mit einer Bronzemedaille im Gestaltungswettbewerb Grabzeichen.<\/h6>\n<p>[\/vc_column_text][\/vc_column][\/vc_row]<\/p>\n<\/section>","protected":false},"excerpt":{"rendered":"<p>[vc_row css=&#8220;.vc_custom_1438343814031{background-color: #edece4 !important;}&#8220;][vc_column width=&#8220;1\/3&#8243; css=&#8220;.vc_custom_1550007492357{margin-top: 0px !important;margin-right: 0px !important;margin-bottom: 0px !important;margin-left: 0px !important;border-top-width: 0px !important;border-right-width:&hellip;<\/p>\n","protected":false},"author":1,"featured_media":716,"comment_status":"closed","ping_status":"open","sticky":false,"template":"","format":"standard","meta":[],"categories":[4],"tags":[],"_links":{"self":[{"href":"https:\/\/johannestwielemeier.de\/index.php?rest_route=\/wp\/v2\/posts\/63"}],"collection":[{"href":"https:\/\/johannestwielemeier.de\/index.php?rest_route=\/wp\/v2\/posts"}],"about":[{"href":"https:\/\/johannestwielemeier.de\/index.php?rest_route=\/wp\/v2\/types\/post"}],"author":[{"embeddable":true,"href":"https:\/\/johannestwielemeier.de\/index.php?rest_route=\/wp\/v2\/users\/1"}],"replies":[{"embeddable":true,"href":"https:\/\/johannestwielemeier.de\/index.php?rest_route=%2Fwp%2Fv2%2Fcomments&post=63"}],"version-history":[{"count":3,"href":"https:\/\/johannestwielemeier.de\/index.php?rest_route=\/wp\/v2\/posts\/63\/revisions"}],"predecessor-version":[{"id":885,"href":"https:\/\/johannestwielemeier.de\/index.php?rest_route=\/wp\/v2\/posts\/63\/revisions\/885"}],"wp:featuredmedia":[{"embeddable":true,"href":"https:\/\/johannestwielemeier.de\/index.php?rest_route=\/wp\/v2\/media\/716"}],"wp:attachment":[{"href":"https:\/\/johannestwielemeier.de\/index.php?rest_route=%2Fwp%2Fv2%2Fmedia&parent=63"}],"wp:term":[{"taxonomy":"category","embeddable":true,"href":"https:\/\/johannestwielemeier.de\/index.php?rest_route=%2Fwp%2Fv2%2Fcategories&post=63"},{"taxonomy":"post_tag","embeddable":true,"href":"https:\/\/johannestwielemeier.de\/index.php?rest_route=%2Fwp%2Fv2%2Ftags&post=63"}],"curies":[{"name":"wp","href":"https:\/\/api.w.org\/{rel}","templated":true}]}}