{"id":53,"date":"2015-07-31T23:47:12","date_gmt":"2015-07-31T21:47:12","guid":{"rendered":"https:\/\/johannestwielemeier.de\/jtneu\/?p=53"},"modified":"2019-02-12T22:41:08","modified_gmt":"2019-02-12T21:41:08","slug":"grabmal-fuer-familie-taubers","status":"publish","type":"post","link":"https:\/\/johannestwielemeier.de\/?p=53","title":{"rendered":"Grabmal f\u00fcr Familie Taubers"},"content":{"rendered":"<section class=\"wpb-content-wrapper\"><p>[vc_row css=&#8220;.vc_custom_1438343814031{background-color: #edece4 !important;}&#8220;][vc_column width=&#8220;1\/3&#8243; css=&#8220;.vc_custom_1550007666751{margin-top: 0px !important;margin-right: 0px !important;margin-bottom: 0px !important;margin-left: 0px !important;border-top-width: 0px !important;border-right-width: 0px !important;border-bottom-width: 0px !important;border-left-width: 0px !important;padding-top: 0px !important;padding-right: 0px !important;padding-bottom: 0px !important;padding-left: 0px !important;}&#8220;][vc_single_image image=&#8220;55&#8243; img_size=&#8220;full&#8220; el_class=&#8220;imagefull&#8220;][\/vc_column][vc_column width=&#8220;2\/3&#8243;][vc_column_text el_class=&#8220;textblock&#8220; css=&#8220;.vc_custom_1438379215393{padding-top: 20px !important;padding-right: 20px !important;}&#8220;]<\/p>\n<h5>Grabmale Stelen<\/h5>\n<h1>Grabmal f\u00fcr Familie Taubers<\/h1>\n<h4>Anr\u00f6chter Dolomit, 100 cm | 35 cm | 35 cm<\/h4>\n<p>Dreieckige Stele f\u00fcr eine Urnengrabst\u00e4tte f\u00fcr 6 Personen. Der Familienname l\u00e4uft als Band um den ganzen Stein und auf jeder Seite werden 2 Namen Platz finden. Da es in der norddeutschen Familie eine grosse Liebe zum Wasser gibt, folgt die gesamte Gestaltung des Grabmales dieser Leidenschaft. Das Zitat von Marc Aurel \u201eAlles Leben ist wie eilendes Wasser\u201c ist in die Kopffl\u00e4che eingemeisselt, die gleichzeitig leicht ausgeh\u00f6hlt wurde, um auftreffendes Regenwasser zu sammeln und \u00fcber die eingearbeitete Rinne an der Vorderseite wieder ins Erdreich zu leiten. Alle Seiten des sich nach oben verj\u00fcngenden Grabzeichens sind gew\u00f6lbt.<br \/>\n<a href=\"https:\/\/johannestwielemeier.de\/jtneu\/wp-content\/uploads\/2015\/07\/stele_taubers_detail.jpg\"><img decoding=\"async\" loading=\"lazy\" class=\"alignleft wp-image-54\" src=\"https:\/\/johannestwielemeier.de\/jtneu\/wp-content\/uploads\/2015\/07\/stele_taubers_detail.jpg\" alt=\"stele_taubers_detail\" width=\"233\" height=\"162\" srcset=\"https:\/\/johannestwielemeier.de\/jtneu\/wp-content\/uploads\/2015\/07\/stele_taubers_detail.jpg 750w, https:\/\/johannestwielemeier.de\/jtneu\/wp-content\/uploads\/2015\/07\/stele_taubers_detail-300x209.jpg 300w\" sizes=\"(max-width: 233px) 100vw, 233px\" \/><\/a>Die Bearbeitung erfolgte von Hand mit dem Schlageisen, die Schrift ist vertieft eingemeisselt.<\/p>\n<h6>Ausgezeichnet mit einer Silbermedaille im Gestaltungswettbewerb Grabzeichen.<\/h6>\n<p>[\/vc_column_text][\/vc_column][\/vc_row]<\/p>\n<\/section>","protected":false},"excerpt":{"rendered":"<p>[vc_row css=&#8220;.vc_custom_1438343814031{background-color: #edece4 !important;}&#8220;][vc_column width=&#8220;1\/3&#8243; css=&#8220;.vc_custom_1550007666751{margin-top: 0px !important;margin-right: 0px !important;margin-bottom: 0px !important;margin-left: 0px !important;border-top-width: 0px !important;border-right-width:&hellip;<\/p>\n","protected":false},"author":1,"featured_media":734,"comment_status":"closed","ping_status":"open","sticky":false,"template":"","format":"standard","meta":[],"categories":[4],"tags":[],"_links":{"self":[{"href":"https:\/\/johannestwielemeier.de\/index.php?rest_route=\/wp\/v2\/posts\/53"}],"collection":[{"href":"https:\/\/johannestwielemeier.de\/index.php?rest_route=\/wp\/v2\/posts"}],"about":[{"href":"https:\/\/johannestwielemeier.de\/index.php?rest_route=\/wp\/v2\/types\/post"}],"author":[{"embeddable":true,"href":"https:\/\/johannestwielemeier.de\/index.php?rest_route=\/wp\/v2\/users\/1"}],"replies":[{"embeddable":true,"href":"https:\/\/johannestwielemeier.de\/index.php?rest_route=%2Fwp%2Fv2%2Fcomments&post=53"}],"version-history":[{"count":2,"href":"https:\/\/johannestwielemeier.de\/index.php?rest_route=\/wp\/v2\/posts\/53\/revisions"}],"predecessor-version":[{"id":889,"href":"https:\/\/johannestwielemeier.de\/index.php?rest_route=\/wp\/v2\/posts\/53\/revisions\/889"}],"wp:featuredmedia":[{"embeddable":true,"href":"https:\/\/johannestwielemeier.de\/index.php?rest_route=\/wp\/v2\/media\/734"}],"wp:attachment":[{"href":"https:\/\/johannestwielemeier.de\/index.php?rest_route=%2Fwp%2Fv2%2Fmedia&parent=53"}],"wp:term":[{"taxonomy":"category","embeddable":true,"href":"https:\/\/johannestwielemeier.de\/index.php?rest_route=%2Fwp%2Fv2%2Fcategories&post=53"},{"taxonomy":"post_tag","embeddable":true,"href":"https:\/\/johannestwielemeier.de\/index.php?rest_route=%2Fwp%2Fv2%2Ftags&post=53"}],"curies":[{"name":"wp","href":"https:\/\/api.w.org\/{rel}","templated":true}]}}