{"id":509,"date":"2015-07-01T19:33:55","date_gmt":"2015-07-01T17:33:55","guid":{"rendered":"https:\/\/johannestwielemeier.de\/jtneu\/?p=509"},"modified":"2016-05-05T23:09:45","modified_gmt":"2016-05-05T21:09:45","slug":"juli-2015","status":"publish","type":"post","link":"https:\/\/johannestwielemeier.de\/?p=509","title":{"rendered":"Juli 2015"},"content":{"rendered":"<h3 style=\"text-align: center;\">Juli 2015<\/h3>\n<p><img decoding=\"async\" loading=\"lazy\" class=\"aligncenter size-full wp-image-510\" src=\"https:\/\/johannestwielemeier.de\/jtneu\/wp-content\/uploads\/2016\/05\/news_juli2015.jpg\" alt=\"news_juli2015\" width=\"1200\" height=\"801\" srcset=\"https:\/\/johannestwielemeier.de\/jtneu\/wp-content\/uploads\/2016\/05\/news_juli2015.jpg 1200w, https:\/\/johannestwielemeier.de\/jtneu\/wp-content\/uploads\/2016\/05\/news_juli2015-300x200.jpg 300w, https:\/\/johannestwielemeier.de\/jtneu\/wp-content\/uploads\/2016\/05\/news_juli2015-1024x684.jpg 1024w\" sizes=\"(max-width: 1200px) 100vw, 1200px\" \/><\/p>\n<p>Im Juli 2015 beginnen die Renovierungsarbeiten in den neuen Werkstattr\u00e4umen in der Vaalser Stra\u00dfe 214, drei R\u00e4ume und reichlich Platz vor und hinter der Werkstatt, aber vor allem eine Zentralheizung tr\u00f6sten \u00fcber den Verlust der sch\u00f6nen Atelieratmosph\u00e4re in der alten Werkstatt hinweg.<\/p>\n","protected":false},"excerpt":{"rendered":"<p>Juli 2015 Im Juli 2015 beginnen die Renovierungsarbeiten in den neuen Werkstattr\u00e4umen in der Vaalser Stra\u00dfe&hellip;<\/p>\n","protected":false},"author":1,"featured_media":510,"comment_status":"closed","ping_status":"open","sticky":false,"template":"","format":"standard","meta":[],"categories":[8],"tags":[],"_links":{"self":[{"href":"https:\/\/johannestwielemeier.de\/index.php?rest_route=\/wp\/v2\/posts\/509"}],"collection":[{"href":"https:\/\/johannestwielemeier.de\/index.php?rest_route=\/wp\/v2\/posts"}],"about":[{"href":"https:\/\/johannestwielemeier.de\/index.php?rest_route=\/wp\/v2\/types\/post"}],"author":[{"embeddable":true,"href":"https:\/\/johannestwielemeier.de\/index.php?rest_route=\/wp\/v2\/users\/1"}],"replies":[{"embeddable":true,"href":"https:\/\/johannestwielemeier.de\/index.php?rest_route=%2Fwp%2Fv2%2Fcomments&post=509"}],"version-history":[{"count":5,"href":"https:\/\/johannestwielemeier.de\/index.php?rest_route=\/wp\/v2\/posts\/509\/revisions"}],"predecessor-version":[{"id":642,"href":"https:\/\/johannestwielemeier.de\/index.php?rest_route=\/wp\/v2\/posts\/509\/revisions\/642"}],"wp:featuredmedia":[{"embeddable":true,"href":"https:\/\/johannestwielemeier.de\/index.php?rest_route=\/wp\/v2\/media\/510"}],"wp:attachment":[{"href":"https:\/\/johannestwielemeier.de\/index.php?rest_route=%2Fwp%2Fv2%2Fmedia&parent=509"}],"wp:term":[{"taxonomy":"category","embeddable":true,"href":"https:\/\/johannestwielemeier.de\/index.php?rest_route=%2Fwp%2Fv2%2Fcategories&post=509"},{"taxonomy":"post_tag","embeddable":true,"href":"https:\/\/johannestwielemeier.de\/index.php?rest_route=%2Fwp%2Fv2%2Ftags&post=509"}],"curies":[{"name":"wp","href":"https:\/\/api.w.org\/{rel}","templated":true}]}}