{"id":1177,"date":"2021-12-22T23:51:44","date_gmt":"2021-12-22T22:51:44","guid":{"rendered":"https:\/\/johannestwielemeier.de\/?p=1177"},"modified":"2022-12-10T22:45:18","modified_gmt":"2022-12-10T21:45:18","slug":"grabmal-fuer-emil-ciocoiu","status":"publish","type":"post","link":"https:\/\/johannestwielemeier.de\/?p=1177","title":{"rendered":"Grabmal f\u00fcr Emil Ciocoiu"},"content":{"rendered":"<section class=\"wpb-content-wrapper\"><p>[vc_row css=&#8220;.vc_custom_1670708701483{background-color: #edece4 !important;}&#8220; el_class=&#8220;maincontainer&#8220;][vc_column width=&#8220;1\/3&#8243; css=&#8220;.vc_custom_1670708196248{margin-top: 0px !important;margin-right: 0px !important;margin-bottom: 0px !important;margin-left: 0px !important;border-top-width: 0px !important;border-right-width: 0px !important;border-bottom-width: 0px !important;border-left-width: 0px !important;padding-top: 0px !important;padding-right: 0px !important;padding-bottom: 0px !important;padding-left: 0px !important;}&#8220;][vc_single_image image=&#8220;1178&#8243; img_size=&#8220;full&#8220; el_class=&#8220;imagefull&#8220; css=&#8220;.vc_custom_1640213473390{margin-top: 0px !important;margin-right: 0px !important;margin-bottom: 0px !important;margin-left: 0px !important;border-top-width: 0px !important;border-right-width: 0px !important;border-bottom-width: 0px !important;border-left-width: 0px !important;padding-top: 0px !important;padding-right: 0px !important;padding-bottom: 0px !important;padding-left: 0px !important;}&#8220;][\/vc_column][vc_column width=&#8220;2\/3&#8243;][vc_column_text el_class=&#8220;textblock&#8220; css=&#8220;.vc_custom_1640213492605{padding-top: 20px !important;padding-right: 20px !important;}&#8220;]<\/p>\n<h5>Grabmale Stelen<\/h5>\n<h1>Grabmal f\u00fcr Emil Ciocoiu<\/h1>\n<h4>Irischer Kalkstein, 1,40 m | 0,44 m | 0,20 m<\/h4>\n<p>Dem Wunsch der Familie entsprechend finden sich in der Grabstele f\u00fcr den Aachener K\u00fcnstler und Maler Emil Ciocoiu Elemente aus seinen Bildern wieder. Die Oberfl\u00e4che ist grob gespitzt und anschlie\u00dfend geschliffen, von unten nach oben feiner werdend. Die sich nach oben \u00f6ffnende und nach innen gew\u00f6lbte Fl\u00e4che ist fein geschliffen und zeigt noch die Spuren des Schleifens. Der Stein thematisiert den \u00dcbergang von grober Materie zur geistigen Sph\u00e4re. Alle Schriften sind vertieft eingearbeitet, der Namenszug entspricht der Bildsignatur des K\u00fcnstlers.<\/p>\n<p>[\/vc_column_text][\/vc_column][\/vc_row]<\/p>\n<\/section>","protected":false},"excerpt":{"rendered":"<p>[vc_row css=&#8220;.vc_custom_1670708701483{background-color: #edece4 !important;}&#8220; el_class=&#8220;maincontainer&#8220;][vc_column width=&#8220;1\/3&#8243; css=&#8220;.vc_custom_1670708196248{margin-top: 0px !important;margin-right: 0px !important;margin-bottom: 0px !important;margin-left: 0px !important;border-top-width: 0px&hellip;<\/p>\n","protected":false},"author":1,"featured_media":1179,"comment_status":"closed","ping_status":"open","sticky":false,"template":"","format":"standard","meta":[],"categories":[4],"tags":[],"_links":{"self":[{"href":"https:\/\/johannestwielemeier.de\/index.php?rest_route=\/wp\/v2\/posts\/1177"}],"collection":[{"href":"https:\/\/johannestwielemeier.de\/index.php?rest_route=\/wp\/v2\/posts"}],"about":[{"href":"https:\/\/johannestwielemeier.de\/index.php?rest_route=\/wp\/v2\/types\/post"}],"author":[{"embeddable":true,"href":"https:\/\/johannestwielemeier.de\/index.php?rest_route=\/wp\/v2\/users\/1"}],"replies":[{"embeddable":true,"href":"https:\/\/johannestwielemeier.de\/index.php?rest_route=%2Fwp%2Fv2%2Fcomments&post=1177"}],"version-history":[{"count":12,"href":"https:\/\/johannestwielemeier.de\/index.php?rest_route=\/wp\/v2\/posts\/1177\/revisions"}],"predecessor-version":[{"id":1250,"href":"https:\/\/johannestwielemeier.de\/index.php?rest_route=\/wp\/v2\/posts\/1177\/revisions\/1250"}],"wp:featuredmedia":[{"embeddable":true,"href":"https:\/\/johannestwielemeier.de\/index.php?rest_route=\/wp\/v2\/media\/1179"}],"wp:attachment":[{"href":"https:\/\/johannestwielemeier.de\/index.php?rest_route=%2Fwp%2Fv2%2Fmedia&parent=1177"}],"wp:term":[{"taxonomy":"category","embeddable":true,"href":"https:\/\/johannestwielemeier.de\/index.php?rest_route=%2Fwp%2Fv2%2Fcategories&post=1177"},{"taxonomy":"post_tag","embeddable":true,"href":"https:\/\/johannestwielemeier.de\/index.php?rest_route=%2Fwp%2Fv2%2Ftags&post=1177"}],"curies":[{"name":"wp","href":"https:\/\/api.w.org\/{rel}","templated":true}]}}