{"id":1169,"date":"2021-12-22T23:49:05","date_gmt":"2021-12-22T22:49:05","guid":{"rendered":"https:\/\/johannestwielemeier.de\/?p=1169"},"modified":"2022-12-05T00:49:18","modified_gmt":"2022-12-04T23:49:18","slug":"grabmal-fuer-magda-und-christoph-wiesener","status":"publish","type":"post","link":"https:\/\/johannestwielemeier.de\/?p=1169","title":{"rendered":"Grabmal f\u00fcr Magda und Christoph Wiesener"},"content":{"rendered":"<section class=\"wpb-content-wrapper\"><p>[vc_row css=&#8220;.vc_custom_1438343814031{background-color: #edece4 !important;}&#8220;][vc_column width=&#8220;1\/3&#8243; css=&#8220;.vc_custom_1567778973160{margin-top: 0px !important;margin-right: 0px !important;margin-bottom: 0px !important;margin-left: 0px !important;border-top-width: 0px !important;border-right-width: 0px !important;border-bottom-width: 0px !important;border-left-width: 0px !important;padding-top: 0px !important;padding-right: 0px !important;padding-bottom: 0px !important;padding-left: 0px !important;}&#8220;][vc_single_image image=&#8220;1170&#8243; img_size=&#8220;full&#8220; el_class=&#8220;imagefull&#8220; css=&#8220;.vc_custom_1640213297641{margin-top: 0px !important;margin-right: 0px !important;margin-bottom: 0px !important;margin-left: 0px !important;border-top-width: 0px !important;border-right-width: 0px !important;border-bottom-width: 0px !important;border-left-width: 0px !important;padding-top: 0px !important;padding-right: 0px !important;padding-bottom: 0px !important;padding-left: 0px !important;}&#8220;][\/vc_column][vc_column width=&#8220;2\/3&#8243;][vc_column_text el_class=&#8220;textblock&#8220; css=&#8220;.vc_custom_1670197756213{padding-top: 20px !important;padding-right: 20px !important;}&#8220;]<\/p>\n<h5>Grabmale Stelen<\/h5>\n<h1>Grabmal f\u00fcr Magda und Christoph Wiesener<\/h1>\n<h4>Irischer Kalkstein, 0,90 m | 0,35 m | 0,28 m<\/h4>\n<p>Zweiteiliges, sich nach oben verj\u00fcngendes kreisrundes Grabmal f\u00fcr ein Ehepaar. Die beiden Steine stehen in einem Abstand von 2 cm, alle Oberfl\u00e4chen sind mit einem Verlauf von dunkel\/unten nach hell\/oben geschliffen, beide Innenfl\u00e4chen sind poliert, wodurch der Kalkstein seine Farbe zu einem dunklen Anthrazit ver\u00e4ndert. Thema des Grabmals ist die symbiotische Beziehung des Paares, die durch den Tod des Partners beendet wurde, daher sind auch die beiden Kopffl\u00e4chen leicht gegeneinander verdreht. Die kreisrunde \u00d6ffnung ist durch beide Steine ausgearbeitet und verbindet die beiden H\u00e4lften, auch wenn die Steine getrennt sind.<\/p>\n<h6>Ausgezeichnet mit der Goldmedaille im Gestaltungswettbewerb Grabzeichen<\/h6>\n<p>[\/vc_column_text][\/vc_column][\/vc_row]<\/p>\n<\/section>","protected":false},"excerpt":{"rendered":"<p>[vc_row css=&#8220;.vc_custom_1438343814031{background-color: #edece4 !important;}&#8220;][vc_column width=&#8220;1\/3&#8243; css=&#8220;.vc_custom_1567778973160{margin-top: 0px !important;margin-right: 0px !important;margin-bottom: 0px !important;margin-left: 0px !important;border-top-width: 0px !important;border-right-width:&hellip;<\/p>\n","protected":false},"author":1,"featured_media":1171,"comment_status":"closed","ping_status":"open","sticky":false,"template":"","format":"standard","meta":[],"categories":[4],"tags":[],"_links":{"self":[{"href":"https:\/\/johannestwielemeier.de\/index.php?rest_route=\/wp\/v2\/posts\/1169"}],"collection":[{"href":"https:\/\/johannestwielemeier.de\/index.php?rest_route=\/wp\/v2\/posts"}],"about":[{"href":"https:\/\/johannestwielemeier.de\/index.php?rest_route=\/wp\/v2\/types\/post"}],"author":[{"embeddable":true,"href":"https:\/\/johannestwielemeier.de\/index.php?rest_route=\/wp\/v2\/users\/1"}],"replies":[{"embeddable":true,"href":"https:\/\/johannestwielemeier.de\/index.php?rest_route=%2Fwp%2Fv2%2Fcomments&post=1169"}],"version-history":[{"count":2,"href":"https:\/\/johannestwielemeier.de\/index.php?rest_route=\/wp\/v2\/posts\/1169\/revisions"}],"predecessor-version":[{"id":1224,"href":"https:\/\/johannestwielemeier.de\/index.php?rest_route=\/wp\/v2\/posts\/1169\/revisions\/1224"}],"wp:featuredmedia":[{"embeddable":true,"href":"https:\/\/johannestwielemeier.de\/index.php?rest_route=\/wp\/v2\/media\/1171"}],"wp:attachment":[{"href":"https:\/\/johannestwielemeier.de\/index.php?rest_route=%2Fwp%2Fv2%2Fmedia&parent=1169"}],"wp:term":[{"taxonomy":"category","embeddable":true,"href":"https:\/\/johannestwielemeier.de\/index.php?rest_route=%2Fwp%2Fv2%2Fcategories&post=1169"},{"taxonomy":"post_tag","embeddable":true,"href":"https:\/\/johannestwielemeier.de\/index.php?rest_route=%2Fwp%2Fv2%2Ftags&post=1169"}],"curies":[{"name":"wp","href":"https:\/\/api.w.org\/{rel}","templated":true}]}}