{"id":109,"date":"2015-08-01T23:29:35","date_gmt":"2015-08-01T21:29:35","guid":{"rendered":"https:\/\/johannestwielemeier.de\/jtneu\/?p=109"},"modified":"2019-02-12T22:26:20","modified_gmt":"2019-02-12T21:26:20","slug":"grabmal-fuer-ursula-heyne-kaussen","status":"publish","type":"post","link":"https:\/\/johannestwielemeier.de\/?p=109","title":{"rendered":"Grabmal f\u00fcr Ursula Heyne-Kau\u00dfen"},"content":{"rendered":"<section class=\"wpb-content-wrapper\"><p>[vc_row css=&#8220;.vc_custom_1438343814031{background-color: #edece4 !important;}&#8220;][vc_column width=&#8220;1\/3&#8243; css=&#8220;.vc_custom_1550006779339{margin-top: 0px !important;margin-right: 0px !important;margin-bottom: 0px !important;margin-left: 0px !important;border-top-width: 0px !important;border-right-width: 0px !important;border-bottom-width: 0px !important;border-left-width: 0px !important;padding-top: 0px !important;padding-right: 0px !important;padding-bottom: 0px !important;padding-left: 0px !important;}&#8220;][vc_single_image image=&#8220;551&#8243; img_size=&#8220;full&#8220; el_class=&#8220;imagefull&#8220;][\/vc_column][vc_column width=&#8220;2\/3&#8243;][vc_column_text el_class=&#8220;textblock&#8220; css=&#8220;.vc_custom_1462208395909{padding-top: 20px !important;padding-right: 20px !important;}&#8220;]<\/p>\n<h5>Grabmale Stelen<\/h5>\n<h1>Grabmal f\u00fcr Ursula Heyne-Kau\u00dfen<\/h1>\n<h4>Irischer Kalkstein, 130 cm | 31 cm auf 40 cm | 18 cm auf 10 cm<\/h4>\n<p>Zentrales Gestaltungsmotiv dieser Stele ist die Musikleidenschaft, in diesem Fall das Klavierspiel der Verstorbenen. Die eingravierten Noten im Bereich des Durchbruchs stammen von einem Klavierst\u00fcck ihres Lieblingskomponisten Satie. Obwohl die Stele in der Vorderansicht durch die gerade Linienf\u00fchrung recht streng wirkt, zeigt sie in der Seitenansicht durch die starken W\u00f6lbungen der beiden Seiten eine gewisse \u201eWeichheit\u201c, die durch die starke Verj\u00fcngung nach oben in Verbindung mit dem Durchbruch auch etwas Zerbrechliches erh\u00e4lt. Die von Hand behauenen Oberfl\u00e4chen wurden im oberen Drittel st\u00e4rker geschliffen, was zu dem Farbverlauf von hell nach dunkel f\u00fchrt. Die Kapitalis Schrift ist vertieft eingehauen.<\/p>\n<h6>Ausgezeichnet mit der Goldmedaille im Gestaltungswettbewerb Grabzeichen.<\/h6>\n<p>[\/vc_column_text][\/vc_column][\/vc_row]<\/p>\n<\/section>","protected":false},"excerpt":{"rendered":"<p>[vc_row css=&#8220;.vc_custom_1438343814031{background-color: #edece4 !important;}&#8220;][vc_column width=&#8220;1\/3&#8243; css=&#8220;.vc_custom_1550006779339{margin-top: 0px !important;margin-right: 0px !important;margin-bottom: 0px !important;margin-left: 0px !important;border-top-width: 0px !important;border-right-width:&hellip;<\/p>\n","protected":false},"author":1,"featured_media":717,"comment_status":"closed","ping_status":"open","sticky":false,"template":"","format":"standard","meta":[],"categories":[4],"tags":[],"_links":{"self":[{"href":"https:\/\/johannestwielemeier.de\/index.php?rest_route=\/wp\/v2\/posts\/109"}],"collection":[{"href":"https:\/\/johannestwielemeier.de\/index.php?rest_route=\/wp\/v2\/posts"}],"about":[{"href":"https:\/\/johannestwielemeier.de\/index.php?rest_route=\/wp\/v2\/types\/post"}],"author":[{"embeddable":true,"href":"https:\/\/johannestwielemeier.de\/index.php?rest_route=\/wp\/v2\/users\/1"}],"replies":[{"embeddable":true,"href":"https:\/\/johannestwielemeier.de\/index.php?rest_route=%2Fwp%2Fv2%2Fcomments&post=109"}],"version-history":[{"count":8,"href":"https:\/\/johannestwielemeier.de\/index.php?rest_route=\/wp\/v2\/posts\/109\/revisions"}],"predecessor-version":[{"id":864,"href":"https:\/\/johannestwielemeier.de\/index.php?rest_route=\/wp\/v2\/posts\/109\/revisions\/864"}],"wp:featuredmedia":[{"embeddable":true,"href":"https:\/\/johannestwielemeier.de\/index.php?rest_route=\/wp\/v2\/media\/717"}],"wp:attachment":[{"href":"https:\/\/johannestwielemeier.de\/index.php?rest_route=%2Fwp%2Fv2%2Fmedia&parent=109"}],"wp:term":[{"taxonomy":"category","embeddable":true,"href":"https:\/\/johannestwielemeier.de\/index.php?rest_route=%2Fwp%2Fv2%2Fcategories&post=109"},{"taxonomy":"post_tag","embeddable":true,"href":"https:\/\/johannestwielemeier.de\/index.php?rest_route=%2Fwp%2Fv2%2Ftags&post=109"}],"curies":[{"name":"wp","href":"https:\/\/api.w.org\/{rel}","templated":true}]}}