{"id":1023,"date":"2019-09-06T14:50:14","date_gmt":"2019-09-06T12:50:14","guid":{"rendered":"https:\/\/johannestwielemeier.de\/?p=1023"},"modified":"2019-09-06T16:59:27","modified_gmt":"2019-09-06T14:59:27","slug":"grabstele-fuer-kornelia-maria-breuer","status":"publish","type":"post","link":"https:\/\/johannestwielemeier.de\/?p=1023","title":{"rendered":"Grabstele f\u00fcr Kornelia Maria Breuer"},"content":{"rendered":"<section class=\"wpb-content-wrapper\"><p>[vc_row css=&#8220;.vc_custom_1438343814031{background-color: #edece4 !important;}&#8220;][vc_column width=&#8220;1\/3&#8243; css=&#8220;.vc_custom_1567778533359{margin-top: 0px !important;margin-right: 0px !important;margin-bottom: 0px !important;margin-left: 0px !important;border-top-width: 0px !important;border-right-width: 0px !important;border-bottom-width: 0px !important;border-left-width: 0px !important;padding-top: 0px !important;padding-right: 0px !important;padding-bottom: 0px !important;padding-left: 0px !important;}&#8220;][vc_single_image image=&#8220;1024&#8243; img_size=&#8220;full&#8220; el_class=&#8220;imagefull&#8220; css=&#8220;.vc_custom_1567778523764{margin-top: 0px !important;margin-right: 0px !important;margin-bottom: 0px !important;margin-left: 0px !important;border-top-width: 0px !important;border-right-width: 0px !important;border-bottom-width: 0px !important;border-left-width: 0px !important;padding-top: 0px !important;padding-right: 0px !important;padding-bottom: 0px !important;padding-left: 0px !important;}&#8220;][\/vc_column][vc_column width=&#8220;2\/3&#8243;][vc_column_text el_class=&#8220;textblock&#8220; css=&#8220;.vc_custom_1567781954898{padding-top: 20px !important;padding-right: 20px !important;}&#8220;]<\/p>\n<h5>Grabmale Stelen<\/h5>\n<h1>Grabstele f\u00fcr Kornelia Maria Breuer<\/h1>\n<h4>135 cm | 36 cm | 15 cm<\/h4>\n<p>Eine weiche Linienf\u00fchrung und die leicht gew\u00f6lbte Vorderseite erzeugen einen harmonischen Gesamteindruck und entsprechen dem Wesen der Verstorbenen. Locker \u00fcber den Stein verteilt sind unterschiedlich gro\u00dfe Bl\u00fcten als flache Reliefs in den Stein gearbeitet und erinnern an die Blumenleidenschaft der Verstorbenen. Dabei l\u00e4sst das Motiv der fallenden Bl\u00fcten vielleicht auch an unsere eigene und die Verg\u00e4nglichkeit allen Lebens denken. Die Oberfl\u00e4chen sind fein geriffelt und von Hand \u00fcberschliffen, Die Schrift ist in Kapitalis-Buchstaben vertieft eingehauen.<\/p>\n<h6><\/h6>\n<p>[\/vc_column_text][\/vc_column][\/vc_row]<\/p>\n<\/section>","protected":false},"excerpt":{"rendered":"<p>[vc_row css=&#8220;.vc_custom_1438343814031{background-color: #edece4 !important;}&#8220;][vc_column width=&#8220;1\/3&#8243; css=&#8220;.vc_custom_1567778533359{margin-top: 0px !important;margin-right: 0px !important;margin-bottom: 0px !important;margin-left: 0px !important;border-top-width: 0px !important;border-right-width:&hellip;<\/p>\n","protected":false},"author":1,"featured_media":1024,"comment_status":"closed","ping_status":"open","sticky":false,"template":"","format":"standard","meta":[],"categories":[4],"tags":[],"_links":{"self":[{"href":"https:\/\/johannestwielemeier.de\/index.php?rest_route=\/wp\/v2\/posts\/1023"}],"collection":[{"href":"https:\/\/johannestwielemeier.de\/index.php?rest_route=\/wp\/v2\/posts"}],"about":[{"href":"https:\/\/johannestwielemeier.de\/index.php?rest_route=\/wp\/v2\/types\/post"}],"author":[{"embeddable":true,"href":"https:\/\/johannestwielemeier.de\/index.php?rest_route=\/wp\/v2\/users\/1"}],"replies":[{"embeddable":true,"href":"https:\/\/johannestwielemeier.de\/index.php?rest_route=%2Fwp%2Fv2%2Fcomments&post=1023"}],"version-history":[{"count":2,"href":"https:\/\/johannestwielemeier.de\/index.php?rest_route=\/wp\/v2\/posts\/1023\/revisions"}],"predecessor-version":[{"id":1079,"href":"https:\/\/johannestwielemeier.de\/index.php?rest_route=\/wp\/v2\/posts\/1023\/revisions\/1079"}],"wp:featuredmedia":[{"embeddable":true,"href":"https:\/\/johannestwielemeier.de\/index.php?rest_route=\/wp\/v2\/media\/1024"}],"wp:attachment":[{"href":"https:\/\/johannestwielemeier.de\/index.php?rest_route=%2Fwp%2Fv2%2Fmedia&parent=1023"}],"wp:term":[{"taxonomy":"category","embeddable":true,"href":"https:\/\/johannestwielemeier.de\/index.php?rest_route=%2Fwp%2Fv2%2Fcategories&post=1023"},{"taxonomy":"post_tag","embeddable":true,"href":"https:\/\/johannestwielemeier.de\/index.php?rest_route=%2Fwp%2Fv2%2Ftags&post=1023"}],"curies":[{"name":"wp","href":"https:\/\/api.w.org\/{rel}","templated":true}]}}