{"id":1020,"date":"2019-09-06T14:30:59","date_gmt":"2019-09-06T12:30:59","guid":{"rendered":"https:\/\/johannestwielemeier.de\/?p=1020"},"modified":"2019-09-06T21:01:25","modified_gmt":"2019-09-06T19:01:25","slug":"grabstele-fuer-ingeborg-krentz","status":"publish","type":"post","link":"https:\/\/johannestwielemeier.de\/?p=1020","title":{"rendered":"Grabstele f\u00fcr Ingeborg Krentz"},"content":{"rendered":"<section class=\"wpb-content-wrapper\"><p>[vc_row css=&#8220;.vc_custom_1438343814031{background-color: #edece4 !important;}&#8220;][vc_column width=&#8220;1\/3&#8243; css=&#8220;.vc_custom_1567796484794{margin-top: 0px !important;margin-right: 0px !important;margin-bottom: 0px !important;margin-left: 0px !important;border-top-width: 0px !important;border-right-width: 0px !important;border-bottom-width: 0px !important;border-left-width: 0px !important;padding-top: 0px !important;padding-right: 0px !important;padding-bottom: 0px !important;padding-left: 0px !important;}&#8220;][vc_single_image image=&#8220;1021&#8243; img_size=&#8220;full&#8220; el_class=&#8220;imagefull&#8220; css=&#8220;.vc_custom_1567796474538{margin-top: 0px !important;margin-right: 0px !important;margin-bottom: 0px !important;margin-left: 0px !important;border-top-width: 0px !important;border-right-width: 0px !important;border-bottom-width: 0px !important;border-left-width: 0px !important;padding-top: 0px !important;padding-right: 0px !important;padding-bottom: 0px !important;padding-left: 0px !important;}&#8220;][\/vc_column][vc_column width=&#8220;2\/3&#8243;][vc_column_text el_class=&#8220;textblock&#8220; css=&#8220;.vc_custom_1567782268514{padding-top: 20px !important;padding-right: 20px !important;}&#8220;]<\/p>\n<h5>Grabmale Stelen<\/h5>\n<h1>Grabstele f\u00fcr Ingeborg Krentz<\/h1>\n<h4>T\u00fcrkischer Kalkstein, 130 cm | 50 cm | 15 cm<\/h4>\n<p>Klassisch anmutendes Grabmal mit leicht konischer Form und einem flachen Segmentbogen als Abschluss. Bei der Einteilung der Fl\u00e4chen wurde auf den Goldenen Schnitt zur\u00fcck gegriffen, der verl\u00e4uft genau dort, wo die Fl\u00e4che mit einer Hohlkehle um 2 cm zur\u00fcck gesetzt wurde.<br \/>\nDas Relief am Kopf der Stele zeigt einen Bl\u00fctenzweig und wurde sehr plastisch aus dem Stein heraus gearbeitet und angeschliffen. Die zur\u00fcck gearbeitete Fl\u00e4che zeigt noch die Spuren der Bearbeitung, alle anderen Fl\u00e4chen des Denkmals sind fein geschliffen.<br \/>\nDie Schrift ist in Kapitalis-Buchstaben vertieft eingearbeitet und get\u00f6nt.<\/p>\n<h6>Ausgezeichnet mit einer Bronzemedaille im Gestaltungswettbewerb Grabzeichen.<\/h6>\n<p>[\/vc_column_text][\/vc_column][\/vc_row]<\/p>\n<\/section>","protected":false},"excerpt":{"rendered":"<p>[vc_row css=&#8220;.vc_custom_1438343814031{background-color: #edece4 !important;}&#8220;][vc_column width=&#8220;1\/3&#8243; css=&#8220;.vc_custom_1567796484794{margin-top: 0px !important;margin-right: 0px !important;margin-bottom: 0px !important;margin-left: 0px !important;border-top-width: 0px !important;border-right-width:&hellip;<\/p>\n","protected":false},"author":1,"featured_media":1021,"comment_status":"closed","ping_status":"open","sticky":false,"template":"","format":"standard","meta":[],"categories":[4],"tags":[],"_links":{"self":[{"href":"https:\/\/johannestwielemeier.de\/index.php?rest_route=\/wp\/v2\/posts\/1020"}],"collection":[{"href":"https:\/\/johannestwielemeier.de\/index.php?rest_route=\/wp\/v2\/posts"}],"about":[{"href":"https:\/\/johannestwielemeier.de\/index.php?rest_route=\/wp\/v2\/types\/post"}],"author":[{"embeddable":true,"href":"https:\/\/johannestwielemeier.de\/index.php?rest_route=\/wp\/v2\/users\/1"}],"replies":[{"embeddable":true,"href":"https:\/\/johannestwielemeier.de\/index.php?rest_route=%2Fwp%2Fv2%2Fcomments&post=1020"}],"version-history":[{"count":4,"href":"https:\/\/johannestwielemeier.de\/index.php?rest_route=\/wp\/v2\/posts\/1020\/revisions"}],"predecessor-version":[{"id":1095,"href":"https:\/\/johannestwielemeier.de\/index.php?rest_route=\/wp\/v2\/posts\/1020\/revisions\/1095"}],"wp:featuredmedia":[{"embeddable":true,"href":"https:\/\/johannestwielemeier.de\/index.php?rest_route=\/wp\/v2\/media\/1021"}],"wp:attachment":[{"href":"https:\/\/johannestwielemeier.de\/index.php?rest_route=%2Fwp%2Fv2%2Fmedia&parent=1020"}],"wp:term":[{"taxonomy":"category","embeddable":true,"href":"https:\/\/johannestwielemeier.de\/index.php?rest_route=%2Fwp%2Fv2%2Fcategories&post=1020"},{"taxonomy":"post_tag","embeddable":true,"href":"https:\/\/johannestwielemeier.de\/index.php?rest_route=%2Fwp%2Fv2%2Ftags&post=1020"}],"curies":[{"name":"wp","href":"https:\/\/api.w.org\/{rel}","templated":true}]}}