{"id":1001,"date":"2019-09-06T14:40:22","date_gmt":"2019-09-06T12:40:22","guid":{"rendered":"https:\/\/johannestwielemeier.de\/?p=1001"},"modified":"2019-09-06T17:00:26","modified_gmt":"2019-09-06T15:00:26","slug":"grabstele-fuer-hildegard-dallmann","status":"publish","type":"post","link":"https:\/\/johannestwielemeier.de\/?p=1001","title":{"rendered":"Grabstele f\u00fcr Hildegard Dallmann"},"content":{"rendered":"<section class=\"wpb-content-wrapper\"><p>[vc_row css=&#8220;.vc_custom_1438343814031{background-color: #edece4 !important;}&#8220;][vc_column width=&#8220;1\/3&#8243; css=&#8220;.vc_custom_1567719485336{margin-top: 0px !important;margin-right: 0px !important;margin-bottom: 0px !important;margin-left: 0px !important;border-top-width: 0px !important;border-right-width: 0px !important;border-bottom-width: 0px !important;border-left-width: 0px !important;padding-top: 0px !important;padding-right: 0px !important;padding-bottom: 0px !important;padding-left: 0px !important;}&#8220;][vc_single_image image=&#8220;1002&#8243; img_size=&#8220;full&#8220; el_class=&#8220;imagefull&#8220; css=&#8220;.vc_custom_1567719475946{margin-top: 0px !important;margin-right: 0px !important;margin-bottom: 0px !important;margin-left: 0px !important;border-top-width: 0px !important;border-right-width: 0px !important;border-bottom-width: 0px !important;border-left-width: 0px !important;padding-top: 0px !important;padding-right: 0px !important;padding-left: 0px !important;}&#8220;][\/vc_column][vc_column width=&#8220;2\/3&#8243;][vc_column_text el_class=&#8220;textblock&#8220; css=&#8220;.vc_custom_1567782010895{padding-top: 20px !important;padding-right: 20px !important;}&#8220;]<\/p>\n<h5>Grabmale Stelen<\/h5>\n<h1>Grabstele f\u00fcr Hildegard Dallmann<\/h1>\n<h4>Portugisischer Kalkstein, 132 cm | 40 cm | 18 cm<\/h4>\n<p>Archaisch anmutende Stele mit stilisierter, k\u00f6rperhafter Form. Die Vorder und R\u00fcckseiten sind stark gew\u00f6lbt und auf allen Seiten sind die Arbeitsspuren der Werkzeuge noch ablesbar, der Kopf der Stele ist von Hand \u00fcberschliffen. Eine leichte W\u00f6lbung nach innen m\u00fcndet in einer kleinen, pr\u00e4zisen \u00d6ffnung durch den Stein. Sowohl die \u00d6ffnung als auch die von grob nach fein ausgef\u00fchrte Bearbeitung thematisieren den \u00dcbergangs, nach wohin auch immer &#8230; Die Schrift befindet sich auf einem separaten, kreisrunden Stein.<\/p>\n<h6>Ausgezeichnet mit einer Bronzemedaille im Gestaltungswettbewerb Grabzeichen.<\/h6>\n<p><a href=\"https:\/\/johannestwielemeier.de\/jtneu\/wp-content\/uploads\/2019\/09\/stele_Dallmann_Detail.jpg\"><img decoding=\"async\" loading=\"lazy\" class=\"alignnone wp-image-1015\" src=\"https:\/\/johannestwielemeier.de\/jtneu\/wp-content\/uploads\/2019\/09\/stele_Dallmann_Detail-300x243.jpg\" alt=\"stele_dallmann_detail\" width=\"250\" height=\"203\" srcset=\"https:\/\/johannestwielemeier.de\/jtneu\/wp-content\/uploads\/2019\/09\/stele_Dallmann_Detail-300x243.jpg 300w, https:\/\/johannestwielemeier.de\/jtneu\/wp-content\/uploads\/2019\/09\/stele_Dallmann_Detail.jpg 750w\" sizes=\"(max-width: 250px) 100vw, 250px\" \/><\/a>[\/vc_column_text][\/vc_column][\/vc_row]<\/p>\n<\/section>","protected":false},"excerpt":{"rendered":"<p>[vc_row css=&#8220;.vc_custom_1438343814031{background-color: #edece4 !important;}&#8220;][vc_column width=&#8220;1\/3&#8243; css=&#8220;.vc_custom_1567719485336{margin-top: 0px !important;margin-right: 0px !important;margin-bottom: 0px !important;margin-left: 0px !important;border-top-width: 0px !important;border-right-width:&hellip;<\/p>\n","protected":false},"author":1,"featured_media":1002,"comment_status":"closed","ping_status":"open","sticky":false,"template":"","format":"standard","meta":[],"categories":[4],"tags":[],"_links":{"self":[{"href":"https:\/\/johannestwielemeier.de\/index.php?rest_route=\/wp\/v2\/posts\/1001"}],"collection":[{"href":"https:\/\/johannestwielemeier.de\/index.php?rest_route=\/wp\/v2\/posts"}],"about":[{"href":"https:\/\/johannestwielemeier.de\/index.php?rest_route=\/wp\/v2\/types\/post"}],"author":[{"embeddable":true,"href":"https:\/\/johannestwielemeier.de\/index.php?rest_route=\/wp\/v2\/users\/1"}],"replies":[{"embeddable":true,"href":"https:\/\/johannestwielemeier.de\/index.php?rest_route=%2Fwp%2Fv2%2Fcomments&post=1001"}],"version-history":[{"count":5,"href":"https:\/\/johannestwielemeier.de\/index.php?rest_route=\/wp\/v2\/posts\/1001\/revisions"}],"predecessor-version":[{"id":1080,"href":"https:\/\/johannestwielemeier.de\/index.php?rest_route=\/wp\/v2\/posts\/1001\/revisions\/1080"}],"wp:featuredmedia":[{"embeddable":true,"href":"https:\/\/johannestwielemeier.de\/index.php?rest_route=\/wp\/v2\/media\/1002"}],"wp:attachment":[{"href":"https:\/\/johannestwielemeier.de\/index.php?rest_route=%2Fwp%2Fv2%2Fmedia&parent=1001"}],"wp:term":[{"taxonomy":"category","embeddable":true,"href":"https:\/\/johannestwielemeier.de\/index.php?rest_route=%2Fwp%2Fv2%2Fcategories&post=1001"},{"taxonomy":"post_tag","embeddable":true,"href":"https:\/\/johannestwielemeier.de\/index.php?rest_route=%2Fwp%2Fv2%2Ftags&post=1001"}],"curies":[{"name":"wp","href":"https:\/\/api.w.org\/{rel}","templated":true}]}}